{"id":3733,"date":"2025-09-18T14:00:13","date_gmt":"2025-09-18T12:00:13","guid":{"rendered":"https:\/\/vm-international.de\/?p=3733"},"modified":"2025-09-18T14:05:28","modified_gmt":"2025-09-18T12:05:28","slug":"auf-zur-bfp-bundeskonferenz-3","status":"publish","type":"post","link":"https:\/\/vm-international.de\/en\/2025\/09\/18\/auf-zur-bfp-bundeskonferenz-3\/","title":{"rendered":"Heading to the BFP National Conference"},"content":{"rendered":"<div class=\"wp-block-columns is-layout-flex wp-container-core-columns-is-layout-9d6595d7 wp-block-columns-is-layout-flex\">\n<div class=\"wp-block-column is-vertically-aligned-center is-layout-flow wp-block-column-is-layout-flow\">\n<figure class=\"wp-block-image size-full is-resized\"><img loading=\"lazy\" decoding=\"async\" width=\"874\" height=\"620\" src=\"https:\/\/vm-international.de\/wp-content\/uploads\/2025\/09\/Buko-2024.jpg\" alt=\"\" class=\"wp-image-3740\" style=\"width:404px;height:auto\" srcset=\"https:\/\/vm-international.de\/wp-content\/uploads\/2025\/09\/Buko-2024.jpg 874w, https:\/\/vm-international.de\/wp-content\/uploads\/2025\/09\/Buko-2024-300x213.jpg 300w, https:\/\/vm-international.de\/wp-content\/uploads\/2025\/09\/Buko-2024-768x545.jpg 768w\" sizes=\"auto, (max-width: 874px) 100vw, 874px\" \/><\/figure>\n<\/div>\n\n\n\n<div class=\"wp-block-column is-vertically-aligned-top is-layout-flow wp-block-column-is-layout-flow\">\n<p class=\"has-text-align-left\"><br>Am 22.09.2025 startet die diesj\u00e4hrige BFP-Bundeskonferenz in Willingen. <strong>Reinhard und Angie Leistner vom VM-B\u00fcroteam<\/strong> machen sich aus Velbert auf den Weg. Auch einige unserer weltweiten Mitarbeiter werden vor Ort dabei sein.<\/p>\n\n\n\n<p><strong>Verpasst es nicht, bei uns am Stand vorbeizuschauen.<\/strong><\/p>\n<\/div>\n<\/div>\n\n\n\n<p><\/p>\n\n\n\n<p>Au\u00dferdem k\u00f6nnt ihr bei einer leckeren Tasse Kaffee oder einem exotischen Tee mit unseren weltweiten Mitarbeitern pers\u00f6nlich ins Gespr\u00e4ch kommen und ihre vielf\u00e4ltigen Dienste kennenlernen. <br><strong>Unser Team vor Ort freut sich schon auf euch!<\/strong><\/p>","protected":false},"excerpt":{"rendered":"<p>Am 22.09.2025 startet die diesj\u00e4hrige BFP-Bundeskonferenz. Als VM sind wir auch mit einigen Mitarbeitern am Start&#8230;.<\/p>","protected":false},"author":4,"featured_media":3740,"comment_status":"closed","ping_status":"open","sticky":false,"template":"","format":"standard","meta":{"footnotes":""},"categories":[1,13,16],"tags":[],"class_list":["post-3733","post","type-post","status-publish","format-standard","has-post-thumbnail","hentry","category-allgemein","category-newsletter","category-newsletter-preview"],"_links":{"self":[{"href":"https:\/\/vm-international.de\/en\/wp-json\/wp\/v2\/posts\/3733","targetHints":{"allow":["GET"]}}],"collection":[{"href":"https:\/\/vm-international.de\/en\/wp-json\/wp\/v2\/posts"}],"about":[{"href":"https:\/\/vm-international.de\/en\/wp-json\/wp\/v2\/types\/post"}],"author":[{"embeddable":true,"href":"https:\/\/vm-international.de\/en\/wp-json\/wp\/v2\/users\/4"}],"replies":[{"embeddable":true,"href":"https:\/\/vm-international.de\/en\/wp-json\/wp\/v2\/comments?post=3733"}],"version-history":[{"count":5,"href":"https:\/\/vm-international.de\/en\/wp-json\/wp\/v2\/posts\/3733\/revisions"}],"predecessor-version":[{"id":3745,"href":"https:\/\/vm-international.de\/en\/wp-json\/wp\/v2\/posts\/3733\/revisions\/3745"}],"wp:featuredmedia":[{"embeddable":true,"href":"https:\/\/vm-international.de\/en\/wp-json\/wp\/v2\/media\/3740"}],"wp:attachment":[{"href":"https:\/\/vm-international.de\/en\/wp-json\/wp\/v2\/media?parent=3733"}],"wp:term":[{"taxonomy":"category","embeddable":true,"href":"https:\/\/vm-international.de\/en\/wp-json\/wp\/v2\/categories?post=3733"},{"taxonomy":"post_tag","embeddable":true,"href":"https:\/\/vm-international.de\/en\/wp-json\/wp\/v2\/tags?post=3733"}],"curies":[{"name":"wp","href":"https:\/\/api.w.org\/{rel}","templated":true}]}}