{"id":3713,"date":"2025-08-04T20:47:50","date_gmt":"2025-08-04T18:47:50","guid":{"rendered":"https:\/\/vm-international.de\/?p=3713"},"modified":"2025-09-18T13:52:54","modified_gmt":"2025-09-18T11:52:54","slug":"reisebericht-aus-malawi","status":"publish","type":"post","link":"https:\/\/vm-international.de\/en\/2025\/08\/04\/reisebericht-aus-malawi\/","title":{"rendered":"Travel report from Malawi"},"content":{"rendered":"<p><em>Im Mai diesen Jahres besuchte Pastor Frank Uphoff (Christus Gemeinde Velbert) Siegfried und Monika Bongartz und Pastor Henri Maonde in Malawi, um an einer AFM-Konferenz zu predigen und die Entwicklungen an der Bibelschule in Blantyre zu bestaunen. Frank berichtet\u2026.<\/em><br><em><strong><br><\/strong><\/em><strong>Mission in Malawi: \u201eRaum schaffen\u201c f\u00fcr mehr<\/strong><br>\u201eIch habe angefangen ein Pastor zu sein, der jetzt viel Raum f\u00fcr andere gibt\u201c, schreibt mir der (\u00e4ltere) Pastor N. ein paar Tage nach meiner R\u00fcckkehr aus Malawi per WhatsApp. Begeistert schaue ich mir auch die Videos von ihm an, wie sie ihr Kirchengeb\u00e4ude verputzen und einen Fu\u00dfboden einbringen. Das Dach dieses Hauses hatten wir vor einem Jahr feierlich eingeweiht, die Finanzen daf\u00fcr kamen aus Deutschland.&nbsp;<\/p>\n\n\n\n<p><strong>\u201eNationales Leiterschaftsforum\u201c nennt die AFM die Konferenz, zu der ich im Auftrag der VM-International gereist bin.<\/strong> Eine gro\u00dfe Zahl Pastoren, Pastorinnen und Leiter der Apostolic Faith Mission (AFM) nehmen teil, aus allen Teilen des Landes sind sie mit den \u00fcberall verkehrenden vollgestopften Minibussen angereist. Regenzeit, also nicht ganz so warm, gut f\u00fcr mich \u2013 aber Malariaschutz ist besonders wichtig. Vision\u00e4re Leiterschaft ist eines meiner Themen, \u00fcber die ich lehre \u2013 und wie man in Leitung Raum f\u00fcr Mitarbeiter und andere Leiter schafft.<\/p>\n\n\n\n<figure class=\"wp-block-image size-full\"><img loading=\"lazy\" decoding=\"async\" width=\"874\" height=\"620\" src=\"https:\/\/vm-international.de\/wp-content\/uploads\/2025\/08\/Malawi-FU-4.jpg\" alt=\"\" class=\"wp-image-3714\" srcset=\"https:\/\/vm-international.de\/wp-content\/uploads\/2025\/08\/Malawi-FU-4.jpg 874w, https:\/\/vm-international.de\/wp-content\/uploads\/2025\/08\/Malawi-FU-4-300x213.jpg 300w, https:\/\/vm-international.de\/wp-content\/uploads\/2025\/08\/Malawi-FU-4-768x545.jpg 768w\" sizes=\"auto, (max-width: 874px) 100vw, 874px\" \/><\/figure>\n\n\n\n<p><\/p>\n\n\n\n<p>Andere Leiter, so muss man wissen, k\u00f6nnen in diesen Kulturen leicht als \u201eBedrohung\u201c erlebt werden \u2013 oder es de facto auch werden. Siegfried und Monika Bongartz, Missionare der VMI, die selbst im fortgeschrittenen \u201eUnruhestand\u201c den Gemeinden und der Bewegung in Malawi mit gro\u00dfer Leidenschaft dienen, sind meine liebevollen Begleiter. Die Reise \u00fcber etliche Stationen haben sie perfekt organisiert, f\u00fcr Quartier und Essen gesorgt, die F\u00e4den gezogen, so dass ich nur reinspringen muss und \u201eschwimmen\u201c kann. Raum f\u00fcr mich, um zu dienen.<\/p>\n\n\n\n<p>So f\u00fchle ich mich auch wie ein \u201eFisch\u201c im Wasser, sei es bei den Seminaren, bei den Predigten, beim Einweihen von Kirchend\u00e4chern, bei den Besuchen im \u201eBusch\u201c \u2013 oder auch beim Essen des malawianischen Maisbreis, f\u00fcr den ich in meinem Magen viel Raum schaffen muss. Dazu H\u00fchnchenteile, fast jeden Tag\u2026 &nbsp;<\/p>\n\n\n\n<p><\/p>\n\n\n\n<figure class=\"wp-block-gallery has-nested-images columns-default is-cropped wp-block-gallery-1 is-layout-flex wp-block-gallery-is-layout-flex\">\n<figure class=\"wp-block-image size-full\"><img loading=\"lazy\" decoding=\"async\" width=\"874\" height=\"620\" data-id=\"3734\" src=\"https:\/\/vm-international.de\/wp-content\/uploads\/2025\/08\/Malawi-FU-1-1.jpg\" alt=\"\" class=\"wp-image-3734\" srcset=\"https:\/\/vm-international.de\/wp-content\/uploads\/2025\/08\/Malawi-FU-1-1.jpg 874w, https:\/\/vm-international.de\/wp-content\/uploads\/2025\/08\/Malawi-FU-1-1-300x213.jpg 300w, https:\/\/vm-international.de\/wp-content\/uploads\/2025\/08\/Malawi-FU-1-1-768x545.jpg 768w\" sizes=\"auto, (max-width: 874px) 100vw, 874px\" \/><\/figure>\n<\/figure>\n\n\n\n<p><\/p>\n\n\n\n<p>Das Ehepaar Bongartz hat in Malawi \u00fcber die vielen Jahrzehnte viel bewegt, ihre Reputation im Land ist enorm hoch. \u00dcberall treffe ich auf ihre Spuren. Ob es die Kirche in Lilongwe ist, die Siegfried gebaut hat (und in der ich heute predige) oder ob es der Besuch beim 80-j\u00e4hrigen Pastor Hassan zu seinem Geburtstag ist (den Siegfried damals \u201ein Position\u201c gebracht hat und ihm Raum f\u00fcr den Dienst geschaffen hat) oder ob es das Kirchendach in Nsanje ist, dass wir im vergangenen Jahr eingeweiht haben (und wo jetzt verputzt wird). \u201eUnsere Gemeinde w\u00e4chst, wir sind so dankbar f\u00fcr das neue Dach. Uns tut der Raum so gut,\u201c berichtet mir Pastor N.<\/p>\n\n\n\n<p>Blechd\u00e4cher sind n\u00e4mlich nicht nur bei Regen wichtig, sondern auch bei Sonne \u2013 und nicht nur wegen der hohen Inflation f\u00fcr die Gemeinden selbst kaum bezahlbar. Nat\u00fcrlich kann der Missionar nicht \u00fcberall sein F\u00fcllhorn ausgie\u00dfen, aber gezielte punktuelle Hilfe ist unsch\u00e4tzbar wertvoll und wichtig. \u201eWir wollen eine Konferenzhalle auf dem Gel\u00e4nde der Bibelschule bauen\u201c, skizziert Pastor Henri Maonde, der die Schule leitet, seine Vision. Auch dieses Investitionsprojekt in langfristige Infrastruktur bietet sich f\u00fcr Gemeinden aus Deutschland f\u00fcr Missions-Partnerschaft an, wobei der Aufwand \u00fcberschaubar ist und man ggf. vor Ort auch richtig Hand anlegen kann.<\/p>\n\n\n\n<p>Auf dem Theologischen Institut der AFM habe ich vor einem Jahr unterrichtet. W\u00e4hrend der Konferenz in diesem Jahr ist \u201eGraduation\u201c der Bibelschule. Der Abschluss der Ausbildung wird zelebriert, Pastoren werden ordiniert, auch Frauenordination ist hier inzwischen \u201eselbstverst\u00e4ndlich\u201c, was mich besonders freut \u2013 und auf ausdr\u00fcckliche Bitte in meinem Seminar nochmal einen theologischen Unterbau erh\u00e4lt.&nbsp;<\/p>\n\n\n\n<p>Stolz zeigt Pastor Henri mir den neuen Fischteich der Bibelschule und seine gut gedeihende Bananenplantage. Nein, kein Goldfischteich. Hier werden f\u00fcr den Nahrungsbedarf der Studenten essbare Fische gez\u00fcchtet, denn einfach zum Markt f\u00fcr alles zu gehen \u201eist nicht in Malawi\u201c. Und dazu ist es noch sehr teuer. Wie gut, dass er daf\u00fcr vision\u00e4r Raum geschaffen hat.<\/p>\n\n\n\n<figure class=\"wp-block-gallery has-nested-images columns-default is-cropped wp-block-gallery-2 is-layout-flex wp-block-gallery-is-layout-flex\">\n<figure class=\"wp-block-image size-large\"><img loading=\"lazy\" decoding=\"async\" width=\"874\" height=\"620\" data-id=\"3716\" src=\"https:\/\/vm-international.de\/wp-content\/uploads\/2025\/08\/Malawi-FU-3.jpg\" alt=\"\" class=\"wp-image-3716\" srcset=\"https:\/\/vm-international.de\/wp-content\/uploads\/2025\/08\/Malawi-FU-3.jpg 874w, https:\/\/vm-international.de\/wp-content\/uploads\/2025\/08\/Malawi-FU-3-300x213.jpg 300w, https:\/\/vm-international.de\/wp-content\/uploads\/2025\/08\/Malawi-FU-3-768x545.jpg 768w\" sizes=\"auto, (max-width: 874px) 100vw, 874px\" \/><\/figure>\n\n\n\n<figure class=\"wp-block-image size-large\"><img loading=\"lazy\" decoding=\"async\" width=\"874\" height=\"620\" data-id=\"3717\" src=\"https:\/\/vm-international.de\/wp-content\/uploads\/2025\/08\/Malawi-FU-2.jpg\" alt=\"\" class=\"wp-image-3717\" srcset=\"https:\/\/vm-international.de\/wp-content\/uploads\/2025\/08\/Malawi-FU-2.jpg 874w, https:\/\/vm-international.de\/wp-content\/uploads\/2025\/08\/Malawi-FU-2-300x213.jpg 300w, https:\/\/vm-international.de\/wp-content\/uploads\/2025\/08\/Malawi-FU-2-768x545.jpg 768w\" sizes=\"auto, (max-width: 874px) 100vw, 874px\" \/><\/figure>\n<\/figure>\n\n\n\n<p><\/p>\n\n\n\n<p>Zwei Wochen bin ich rausgenommen aus meinem gewohnten Umfeld in Deutschland, sozusagen \u201eabgetaucht\u201c in eine andere Welt.&nbsp; Raum f\u00fcr neue Erfahrungen, die gut tun. <strong>Nicht nur ich diene den Leuten hier, auch sie dienen mir und mein Horizont erweitert sich durch jede solcher Reisen immer wieder.<\/strong> Nein, ganz \u201eweg\u201c bin ich nicht, denn eine gro\u00dfe Gruppe virtuell Mitreisender folgt mir in meiner WhatsApp-Gruppe. Das Internet erscheint in Malawi zeitweilig besser als in Deutschland\u2026 Manche meiner \u201eMitreisenden\u201c warten ungeduldig auf meine abendlichen Nachrichten und Fotos, sind fast auch mit mir gemeinsam \u201eabgetaucht\u201c.<\/p>\n\n\n\n<p><\/p>\n\n\n\n<p><strong>\u201eIch schaffe Raum f\u00fcr dich\u201c.<\/strong><\/p>\n\n\n\n<p><\/p>\n\n\n\n<div class=\"wp-block-columns are-vertically-aligned-top is-layout-flex wp-container-core-columns-is-layout-9d6595d7 wp-block-columns-is-layout-flex\">\n<div class=\"wp-block-column is-vertically-aligned-top is-layout-flow wp-block-column-is-layout-flow\" style=\"flex-basis:33.33%\"><div class=\"wp-block-image\">\n<figure class=\"aligncenter size-full\"><img loading=\"lazy\" decoding=\"async\" width=\"714\" height=\"1000\" src=\"https:\/\/vm-international.de\/wp-content\/uploads\/2025\/08\/Malawi-FU-5.jpg\" alt=\"\" class=\"wp-image-3718\" srcset=\"https:\/\/vm-international.de\/wp-content\/uploads\/2025\/08\/Malawi-FU-5.jpg 714w, https:\/\/vm-international.de\/wp-content\/uploads\/2025\/08\/Malawi-FU-5-214x300.jpg 214w\" sizes=\"auto, (max-width: 714px) 100vw, 714px\" \/><\/figure>\n<\/div><\/div>\n\n\n\n<div class=\"wp-block-column is-vertically-aligned-top is-layout-flow wp-block-column-is-layout-flow\" style=\"flex-basis:66.66%\">\n<p>Dieses Lied hat mich in den vergangenen Monaten immer wieder bewegt \u2013 und begeistert. Mission f\u00e4ngt damit an, wenn ich Raum in meinem Herzen f\u00fcr Jesus und den Heiligen Geist schaffe. Und wenn ich dann noch weiter Raum schaffe f\u00fcr Mission und ihre Anliegen, dann kann daraus eine Partnerschaft entstehen, aus der viel Frucht w\u00e4chst. Ich helfe mit dem, was Gott mir an Gaben gegeben hat, das ist nicht zuletzt auch Geld.<\/p>\n\n\n\n<p>Aber ich bekomme viel mehr zur\u00fcck: Neue (und ungew\u00f6hnliche) Erfahrungen, Horizonterweiterung, andere Sichtweisen, andere Kulturen und Essen \u2013 und zum Schluss sogar zwei lebendige H\u00fchner.<\/p>\n<\/div>\n<\/div>\n\n\n\n<p><\/p>\n\n\n\n<p>Die haben dann aber doch keinen Raum im Flugzeug. Aber zwei gro\u00dfe Bastk\u00f6rbe haben Raum im Koffer \u2013 und werden zum Kartoffellager in unserem Vorratskeller. <strong>Mission ist immer mehrseitig: Jeder wird \u201egesegnet\u201c!<\/strong><\/p>","protected":false},"excerpt":{"rendered":"<p>Im Mai diesen Jahres besuchte Pastor Frank Uphoff (Christus Gemeinde Velbert) Siegfried und Monika Bongartz und Pastor Henri Maonde in Malawi, um an einer AFM-Konferenz zu predigen und die Entwicklungen an der Bibelschule in Blantyre zu bestaunen. Frank berichtet&#8230;.<\/p>","protected":false},"author":4,"featured_media":3714,"comment_status":"closed","ping_status":"open","sticky":false,"template":"","format":"standard","meta":{"footnotes":""},"categories":[1,13,16,15],"tags":[],"class_list":["post-3713","post","type-post","status-publish","format-standard","has-post-thumbnail","hentry","category-allgemein","category-newsletter","category-newsletter-preview","category-newsletter-versenden"],"_links":{"self":[{"href":"https:\/\/vm-international.de\/en\/wp-json\/wp\/v2\/posts\/3713","targetHints":{"allow":["GET"]}}],"collection":[{"href":"https:\/\/vm-international.de\/en\/wp-json\/wp\/v2\/posts"}],"about":[{"href":"https:\/\/vm-international.de\/en\/wp-json\/wp\/v2\/types\/post"}],"author":[{"embeddable":true,"href":"https:\/\/vm-international.de\/en\/wp-json\/wp\/v2\/users\/4"}],"replies":[{"embeddable":true,"href":"https:\/\/vm-international.de\/en\/wp-json\/wp\/v2\/comments?post=3713"}],"version-history":[{"count":8,"href":"https:\/\/vm-international.de\/en\/wp-json\/wp\/v2\/posts\/3713\/revisions"}],"predecessor-version":[{"id":3739,"href":"https:\/\/vm-international.de\/en\/wp-json\/wp\/v2\/posts\/3713\/revisions\/3739"}],"wp:featuredmedia":[{"embeddable":true,"href":"https:\/\/vm-international.de\/en\/wp-json\/wp\/v2\/media\/3714"}],"wp:attachment":[{"href":"https:\/\/vm-international.de\/en\/wp-json\/wp\/v2\/media?parent=3713"}],"wp:term":[{"taxonomy":"category","embeddable":true,"href":"https:\/\/vm-international.de\/en\/wp-json\/wp\/v2\/categories?post=3713"},{"taxonomy":"post_tag","embeddable":true,"href":"https:\/\/vm-international.de\/en\/wp-json\/wp\/v2\/tags?post=3713"}],"curies":[{"name":"wp","href":"https:\/\/api.w.org\/{rel}","templated":true}]}}