{"id":3696,"date":"2025-08-04T20:50:03","date_gmt":"2025-08-04T18:50:03","guid":{"rendered":"https:\/\/vm-international.de\/?p=3696"},"modified":"2025-08-08T03:21:08","modified_gmt":"2025-08-08T01:21:08","slug":"der-neue-vm-fokus-3-2025-ist-da","status":"publish","type":"post","link":"https:\/\/vm-international.de\/en\/2025\/08\/04\/der-neue-vm-fokus-3-2025-ist-da\/","title":{"rendered":"The new VM Focus 3\/2025 is here"},"content":{"rendered":"<h2 class=\"wp-block-heading\"><strong>Gesandt f\u00fcr Heute &#8211; zwischen Auftrag und Anpassung<\/strong><\/h2>\n\n\n\n<p>This new issue of VM Fokus also focuses on the winds of change. In its lead article\u2026 <strong>Bj\u00f6rn L\u00fctke raises the question in his article of whether the wind of change leads us to build walls or windmills.<\/strong><\/p>\n\n\n\n<div class=\"wp-block-columns is-layout-flex wp-container-core-columns-is-layout-9d6595d7 wp-block-columns-is-layout-flex\">\n<div class=\"wp-block-column is-vertically-aligned-center is-layout-flow wp-block-column-is-layout-flow\" style=\"flex-basis:33.33%\"><div class=\"wp-block-image\">\n<figure class=\"aligncenter size-full\"><img loading=\"lazy\" decoding=\"async\" width=\"250\" height=\"353\" src=\"https:\/\/vm-international.de\/wp-content\/uploads\/2025\/07\/Fokus-2025-3-Titelseite-web.jpg\" alt=\"\" class=\"wp-image-3685\" srcset=\"https:\/\/vm-international.de\/wp-content\/uploads\/2025\/07\/Fokus-2025-3-Titelseite-web.jpg 250w, https:\/\/vm-international.de\/wp-content\/uploads\/2025\/07\/Fokus-2025-3-Titelseite-web-212x300.jpg 212w\" sizes=\"auto, (max-width: 250px) 100vw, 250px\" \/><\/figure>\n<\/div><\/div>\n\n\n\n<div class=\"wp-block-column is-vertically-aligned-center is-layout-flow wp-block-column-is-layout-flow\" style=\"flex-basis:66.66%\">\n<p>In his foreword, Mission Director Reinhard Leistner describes how both the BFP and VM-International have changed. He gives a glimpse of how VMI builds windmills.<br>Our intercultural staff (IKM) report on how they experience the winds of change in their ministries and how they respond to them. <strong>One thing is clear: the mission is still as relevant as ever!<\/strong><\/p>\n\n\n\n<p>We also bid farewell to Marie Berger, who has returned to Germany after 18 years in her field of service. At the same time, we are pleased to\u2026* <strong>two new staff members<\/strong> welcome to the global VM family.<\/p>\n<\/div>\n<\/div>\n\n\n\n<p><\/p>\n\n\n\n<p>Two other highlights of this issue are the <strong>Interview with Magnus H\u00f6nke<\/strong> from the mission team of Credo Church and the <strong>Report on VMF and VMI<\/strong> on the back page.<\/p>\n\n\n\n<p><\/p>\n\n\n\n<div class=\"wp-block-columns is-layout-flex wp-container-core-columns-is-layout-9d6595d7 wp-block-columns-is-layout-flex\">\n<div class=\"wp-block-column is-vertically-aligned-center is-layout-flow wp-block-column-is-layout-flow\" style=\"flex-basis:66.66%\">\n<p class=\"has-text-align-left\">Doch schaut selbst in die tolle neue Ausgabe mit den echt klasse Berichten\u2026<\/p>\n<\/div>\n\n\n\n<div class=\"wp-block-column is-layout-flow wp-block-column-is-layout-flow\" style=\"flex-basis:33.33%\">\n<div class=\"wp-block-buttons is-layout-flex wp-block-buttons-is-layout-flex\">\n<div class=\"wp-block-button\"><a class=\"wp-block-button__link wp-element-button\" href=\"https:\/\/vm-international.de\/wp-content\/uploads\/2025\/07\/VM-Fokus-2025-3-Web_opt.pdf\">VM-Fokus zum Download<\/a><\/div>\n<\/div>\n<\/div>\n<\/div>\n\n\n\n<p><\/p>","protected":false},"excerpt":{"rendered":"<p>Der Wind der Ver\u00e4nderung &#8211; l\u00e4sst er uns Mauern oder Windm\u00fchlen bauen? So fragt Bj\u00f6rn L\u00fctke in seinem Leitartikel.<br \/>\nIn dieser Ausgabe geben unsere IKM Einblick, wie sie den Wind der Ver\u00e4nderung erleben.<br \/>\nEs geht um Abschied und Neubeginn und viele pers\u00f6nliche Geschichten&#8230;<\/p>","protected":false},"author":4,"featured_media":3700,"comment_status":"closed","ping_status":"open","sticky":false,"template":"","format":"standard","meta":{"footnotes":""},"categories":[1,13,16,15],"tags":[],"class_list":["post-3696","post","type-post","status-publish","format-standard","has-post-thumbnail","hentry","category-allgemein","category-newsletter","category-newsletter-preview","category-newsletter-versenden"],"_links":{"self":[{"href":"https:\/\/vm-international.de\/en\/wp-json\/wp\/v2\/posts\/3696","targetHints":{"allow":["GET"]}}],"collection":[{"href":"https:\/\/vm-international.de\/en\/wp-json\/wp\/v2\/posts"}],"about":[{"href":"https:\/\/vm-international.de\/en\/wp-json\/wp\/v2\/types\/post"}],"author":[{"embeddable":true,"href":"https:\/\/vm-international.de\/en\/wp-json\/wp\/v2\/users\/4"}],"replies":[{"embeddable":true,"href":"https:\/\/vm-international.de\/en\/wp-json\/wp\/v2\/comments?post=3696"}],"version-history":[{"count":2,"href":"https:\/\/vm-international.de\/en\/wp-json\/wp\/v2\/posts\/3696\/revisions"}],"predecessor-version":[{"id":3701,"href":"https:\/\/vm-international.de\/en\/wp-json\/wp\/v2\/posts\/3696\/revisions\/3701"}],"wp:featuredmedia":[{"embeddable":true,"href":"https:\/\/vm-international.de\/en\/wp-json\/wp\/v2\/media\/3700"}],"wp:attachment":[{"href":"https:\/\/vm-international.de\/en\/wp-json\/wp\/v2\/media?parent=3696"}],"wp:term":[{"taxonomy":"category","embeddable":true,"href":"https:\/\/vm-international.de\/en\/wp-json\/wp\/v2\/categories?post=3696"},{"taxonomy":"post_tag","embeddable":true,"href":"https:\/\/vm-international.de\/en\/wp-json\/wp\/v2\/tags?post=3696"}],"curies":[{"name":"wp","href":"https:\/\/api.w.org\/{rel}","templated":true}]}}