{"id":2215,"date":"2021-07-08T08:34:24","date_gmt":"2021-07-08T06:34:24","guid":{"rendered":"https:\/\/www.vm-int.de\/?p=2215"},"modified":"2021-07-08T08:39:44","modified_gmt":"2021-07-08T06:39:44","slug":"fokus-test-1","status":"publish","type":"post","link":"https:\/\/vm-international.de\/en\/2021\/07\/08\/fokus-test-1\/","title":{"rendered":"VM-FOKUS NR. 03\/2021"},"content":{"rendered":"<div class=\"wp-block-columns is-layout-flex wp-container-core-columns-is-layout-9d6595d7 wp-block-columns-is-layout-flex\">\n<div class=\"wp-block-column is-layout-flow wp-block-column-is-layout-flow\" style=\"flex-basis:33.33%\">\n<figure class=\"wp-block-image size-large\"><img loading=\"lazy\" decoding=\"async\" width=\"250\" height=\"354\" src=\"https:\/\/www.vm-int.de\/wp-content\/uploads\/2021\/05\/VM-Fokus-2021-03-Online.jpg\" alt=\"\" class=\"wp-image-2163\" srcset=\"https:\/\/vm-international.de\/wp-content\/uploads\/2021\/05\/VM-Fokus-2021-03-Online.jpg 250w, https:\/\/vm-international.de\/wp-content\/uploads\/2021\/05\/VM-Fokus-2021-03-Online-212x300.jpg 212w\" sizes=\"auto, (max-width: 250px) 100vw, 250px\" \/><\/figure>\n<\/div>\n\n\n\n<div class=\"wp-block-column is-layout-flow wp-block-column-is-layout-flow\" style=\"flex-basis:66.66%\">\n<p class=\"has-large-font-size\"><strong>Wert sch\u00e4tzen<\/strong><\/p>\n\n\n\n<p><strong>Schatzkiste des Lebens \u2013 ein sch\u00f6nes Bild!<\/strong>&nbsp;Erinnerungen im Herzen tragen. Als Edelsteine. Die sch\u00f6nen Erinnerungen und auch die, deren Wert man vielleicht erst sp\u00e4ter entdeckt. Denn nicht jeder Edelstein ist auf den ersten Blick als solcher zu erkennen. Manchmal braucht es Zeit oder auch einen besonderen Schliff, der den wahren Wert zum Vorschein und zum Leuchten bringt. Das erfordert Geduld und Bereitschaft. Und manchmal auch einen Sichtwechsel. So, wie es S\u00f8ren Kirkegaard treffend sagte: Verstehen kann man das Leben r\u00fcckw\u00e4rts; leben muss man es aber vorw\u00e4rts.<\/p>\n\n\n\n<p><strong>Sch\u00e4tze teilen:&nbsp;<\/strong>Wenn du merkst, dass deine eigenen Erfahrungen einem anderen helfen k\u00f6nnen, dann bekommen sie einen ganz anderen, tieferen Wert. \u201eMit dem Trost, den wir selbst erfahren haben, k\u00f6nnen wir andere tr\u00f6sten.\u201c (2. Kor. 1,4)<\/p>\n\n\n\n<p>In der neuen Ausgabe von VM-Fokus sind sehr pers\u00f6nliche Artikel unserer IKM zu lesen. Taucht ein in die weltweite Schatzsuche, lasst euch ermutigen, \u00f6ffnet eure eigene Schatzkiste des Lebens und schaut, welche Edelsteine da zum Vorschein kommen\u2026.<\/p>\n\n\n\n<p><a href=\"https:\/\/www.vm-int.de\/tools\/vm-magazin\/index.php?fokus=https:\/\/www.vm-int.de\/wp-content\/uploads\/2021\/05\/VM-Fokus-2021-03-Online_opt.pdf\">ONLINE DURCHBL\u00c4TTERN<\/a>&nbsp;|&nbsp;<a href=\"https:\/\/www.vm-int.de\/wp-content\/uploads\/2021\/05\/VM-Fokus-2021-03-Online_opt.pdf\">DOWNLOAD<\/a><\/p>\n<\/div>\n<\/div>","protected":false},"excerpt":{"rendered":"<p>Wert sch\u00e4tzen Schatzkiste des Lebens \u2013 ein sch\u00f6nes Bild!&nbsp;Erinnerungen im Herzen tragen. Als Edelsteine. Die sch\u00f6nen Erinnerungen und auch die, [&hellip;]<\/p>\n","protected":false},"author":1,"featured_media":2163,"comment_status":"closed","ping_status":"open","sticky":false,"template":"","format":"standard","meta":{"footnotes":""},"categories":[12],"tags":[],"class_list":["post-2215","post","type-post","status-publish","format-standard","has-post-thumbnail","hentry","category-fokus"],"_links":{"self":[{"href":"https:\/\/vm-international.de\/en\/wp-json\/wp\/v2\/posts\/2215","targetHints":{"allow":["GET"]}}],"collection":[{"href":"https:\/\/vm-international.de\/en\/wp-json\/wp\/v2\/posts"}],"about":[{"href":"https:\/\/vm-international.de\/en\/wp-json\/wp\/v2\/types\/post"}],"author":[{"embeddable":true,"href":"https:\/\/vm-international.de\/en\/wp-json\/wp\/v2\/users\/1"}],"replies":[{"embeddable":true,"href":"https:\/\/vm-international.de\/en\/wp-json\/wp\/v2\/comments?post=2215"}],"version-history":[{"count":3,"href":"https:\/\/vm-international.de\/en\/wp-json\/wp\/v2\/posts\/2215\/revisions"}],"predecessor-version":[{"id":2220,"href":"https:\/\/vm-international.de\/en\/wp-json\/wp\/v2\/posts\/2215\/revisions\/2220"}],"wp:featuredmedia":[{"embeddable":true,"href":"https:\/\/vm-international.de\/en\/wp-json\/wp\/v2\/media\/2163"}],"wp:attachment":[{"href":"https:\/\/vm-international.de\/en\/wp-json\/wp\/v2\/media?parent=2215"}],"wp:term":[{"taxonomy":"category","embeddable":true,"href":"https:\/\/vm-international.de\/en\/wp-json\/wp\/v2\/categories?post=2215"},{"taxonomy":"post_tag","embeddable":true,"href":"https:\/\/vm-international.de\/en\/wp-json\/wp\/v2\/tags?post=2215"}],"curies":[{"name":"wp","href":"https:\/\/api.w.org\/{rel}","templated":true}]}}